{"id":3387,"date":"2023-02-08T17:17:54","date_gmt":"2023-02-08T17:17:54","guid":{"rendered":"https:\/\/control1.hu\/?p=3387"},"modified":"2026-03-17T12:23:09","modified_gmt":"2026-03-17T12:23:09","slug":"oknyomozas-krizisben-szakertoi-interju-a-computerworld-magazinban","status":"publish","type":"post","link":"https:\/\/control1.webempire.hu\/?p=3387","title":{"rendered":"Oknyomoz\u00e1s kr\u00edzisben &#8211; szak\u00e9rt\u0151i interj\u00fa a Computerworld magazinban"},"content":{"rendered":"<div class=\"wpb-content-wrapper\"><p>[vc_row][vc_column][vc_column_text css=&#8221;&#8221;]<\/p>\n<h2>Oknyomoz\u00e1s kr\u00edzisben &#8211; szak\u00e9rt\u0151i interj\u00fa a Computerworld magazinban<\/h2>\n<p>[\/vc_column_text]<div class=\"clearboth\"><\/div><style>#thegem-divider-69f5baa8b2847 {margin-top: 60px !important;}<\/style><div id=\"thegem-divider-69f5baa8b2847\" class=\"gem-divider  \" style=\"\" ><\/div>[\/vc_column][vc_column width=&#8221;1\/2&#8243;][vc_column_text css=&#8221;&#8221; css_animation=&#8221;right-to-left&#8221;]<strong>Ha egy v\u00e1llalkoz\u00e1s a v\u00e1ls\u00e1g jeleit tapasztalja, az els\u0151 \u00e9s legfontosabb l\u00e9p\u00e9s az okok felder\u00edt\u00e9se \u00e9s meg\u00e9rt\u00e9se. A felk\u00e9sz\u00fcl\u00e9shez azonban m\u00e1r \u201eb\u00e9keid\u0151ben\u201d hozz\u00e1 kell l\u00e1tni. A kompetens vezet\u00e9s, az ERP rendszerre \u00e9p\u00fcl\u0151 kontrolling \u00e9s a megfelel\u0151 v\u00e1llalati kult\u00fara, szervezeti fel\u00e9p\u00edt\u00e9s hozz\u00e1seg\u00edthet a kr\u00edzis elh\u00e1r\u00edt\u00e1s\u00e1hoz.\u00a0<\/strong>[\/vc_column_text]<div class=\"clearboth\"><\/div><style>#thegem-divider-69f5baa8b28b0 {margin-top: 20px !important;}<\/style><div id=\"thegem-divider-69f5baa8b28b0\" class=\"gem-divider  \" style=\"\" ><\/div>[vc_column_text css=&#8221;&#8221; css_animation=&#8221;right-to-left&#8221;]Covid, h\u00e1bor\u00fa, energiav\u00e1ls\u00e1g, infl\u00e1ci\u00f3. Mindez egyszerre van jelen napjaink vil\u00e1ggazdas\u00e1g\u00e1ban. E t\u00e9nyez\u0151k egyike is el\u00e9g lehet hozz\u00e1, hogy eg\u00e9sz orsz\u00e1gok gazdas\u00e1ga dr\u00e1maian visszaessen, illetve sz\u00e1mos v\u00e1llalat megroggyanjon, cs\u0151dbe menjen, megsz\u0171nj\u00f6n. A mostani helyzet teh\u00e1t \u201ehalmozottan h\u00e1tr\u00e1nyos\u201d. <em>Dobai Tam\u00e1s,<\/em> a control1.webempire.hu\/ alap\u00edt\u00f3ja \u00e9s vezet\u0151 kontrollere arra v\u00e1llalkozott, hogy t\u00f6bb mint 20 \u00e9v tapasztalattal a h\u00e1ta m\u00f6g\u00f6tt v\u00e1laszoljon a Computerworld kr\u00edzismenedzsmenttel, a v\u00e1ls\u00e1gok kezel\u00e9s\u00e9nek sikert\u00e9nyez\u0151ivel kapcsolatos k\u00e9rd\u00e9seire.[\/vc_column_text][\/vc_column][vc_column width=&#8221;1\/2&#8243;][vc_single_image image=&#8221;14168&#8243; img_size=&#8221;full&#8221; css=&#8221;&#8221;][\/vc_column][vc_column]<div class=\"clearboth\"><\/div><style>#thegem-divider-69f5baa8b2917 {margin-top: 30px !important;}<\/style><div id=\"thegem-divider-69f5baa8b2917\" class=\"gem-divider  \" style=\"\" ><\/div>[\/vc_column][vc_column width=&#8221;1\/2&#8243;][vc_column_text css=&#8221;&#8221; css_animation=&#8221;right-to-left&#8221;]<strong>Computerworld: Egy v\u00e1llalat \u00e9let\u00e9ben melyek a v\u00e1ls\u00e1g k\u00f6zeledt\u00e9nek els\u0151 jelei?<\/strong><\/p>\n<p><strong>Dobai Tam\u00e1s:<\/strong> <em>J\u00f3 \u00e9s rossz id\u0151szakok, szezon\u00e1lis ingadoz\u00e1sok mindig vannak a c\u00e9gek \u00e9let\u00e9ben, de ez teljesen f\u00fcggetlen lehet a v\u00e1ls\u00e1gt\u00f3l. Mert mi is a v\u00e1ls\u00e1g? Olyan helyzet, amikor tart\u00f3san, \u00e1llapotszer\u0171en t\u00e1mad zavar a v\u00e1llalkoz\u00e1s \u00e9let\u00e9ben, amib\u0151l azt\u00e1n nem tud kikeveredni. Sajnos nem egy\u00e9rtelm\u0171, hogy milyen jelekb\u0151l lehet egy k\u00f6zeled\u0151 v\u00e1ls\u00e1gra k\u00f6vetkeztetni. Amikor p\u00e9ld\u00e1ul 2008-ban bed\u0151lt a Lehman Brothers, senki sem j\u00f3solta meg, hogy ebb\u0151l komoly, vil\u00e1gm\u00e9ret\u0171 gondok lesznek. Elismert szakemberek nyilatkoztak \u00fagy, hogy nem kell beavatkozni, az esetnek nem lesznek dr\u00e1mai k\u00f6vetkezm\u00e9nyei. R\u00f6videsen kider\u00fclt azonban, hogy hatalmasat t\u00e9vedtek. A Lehman Brothers esete megrengette a glob\u00e1lis p\u00e9nz\u00fcgyi piacot. A v\u00e1ls\u00e1g k\u00f6zeledt\u00e9nek teh\u00e1t nem mindig vannak egy\u00e9rtelm\u0171 jelei. Mindazon\u00e1ltal \u00e9rdemes, s\u0151t kell is figyelni a vev\u0151i \u00e9s besz\u00e1ll\u00edt\u00f3i piacokat, azok k\u00fcl\u00f6nb\u00f6z\u0151 mutat\u00f3it, az \u00e1rkond\u00edci\u00f3kat, a kereskedelmi felt\u00e9teleket stb. Ebben j\u00f3 seg\u00edts\u00e9get ny\u00fajt a kontrolling, az ERP, illetve egy bels\u0151 ellen\u0151rz\u00e9si rendszer. \u00cdgy j\u00f3l l\u00e1that\u00f3, hogy mi t\u00e9r el tart\u00f3san a szok\u00e1sost\u00f3l. K\u00fcl\u00f6n\u00f6sen oda kell figyelni olyan kedvez\u0151tlen t\u00fcnetekre, amelyek hosszabb id\u0151 ut\u00e1n sem m\u00falnak el.<\/em>[\/vc_column_text][\/vc_column][vc_column width=&#8221;1\/2&#8243;][vc_column_text css=&#8221;&#8221; css_animation=&#8221;right-to-left&#8221;]<strong>CW: Mi tekinthet\u0151 hosszabb id\u0151nek?<\/strong><\/p>\n<p><strong>DT:<\/strong> <em>Ipar\u00e1ga v\u00e1logatja. A napi fogyaszt\u00e1si cikkek, teh\u00e1t az FMCG piac\u00e1n eg\u00e9sz m\u00e1s tekinthet\u0151 r\u00f6vid \u00e9s hossz\u00fa t\u00e1vnak, mint p\u00e9ld\u00e1ul a haj\u00f3gy\u00e1rt\u00e1sban. Az FMCG piac\u00e1n a v\u00e1ls\u00e1gt\u00fcnetek ak\u00e1r n\u00e9h\u00e1ny h\u00f3nap alatt is jelentkezhetnek, a haj\u00f3gy\u00e1rt\u00e1sban ink\u00e1bb \u00e9vekben lehet gondolkozni<\/em>.<\/p>\n<p><strong>CW: Mi a helyzet az informatikai eszk\u00f6z\u00f6k, az elektronikai cikkek, alkatr\u00e9szek piac\u00e1val?<\/strong><\/p>\n<p><strong>DT:<\/strong> <em>Ez az egyik leggyorsabban v\u00e1ltoz\u00f3 piac. Ennek k\u00f6vetkezt\u00e9ben minden olyan gy\u00e1rt\u00f3tev\u00e9kenys\u00e9g, amely elektronikai komponenseket \u00e1ll\u00edt el\u0151 vagy \u00e9p\u00edt be p\u00e9ld\u00e1ul sz\u00e1m\u00edt\u00f3g\u00e9pekbe, mobiltelefonokba, hihetetlen\u00fcl gyorsan meg tud v\u00e1ltozni. Ha mondjuk a vev\u0151k t\u00falv\u00e1s\u00e1rolj\u00e1k magukat \u2013 voltak r\u00e1 p\u00e9ld\u00e1k \u2013, \u00e9s \u00f3ri\u00e1si k\u00e9szleteket halmoznak fel, egyszer csak hirtelen lenull\u00e1zz\u00e1k tov\u00e1bbi megrendel\u00e9seiket. Ilyenkor a gy\u00e1rt\u00f3k els\u0151 reakci\u00f3ja, hogy egy id\u0151re le\u00e1llnak, \u00e9s \u2013 szok\u00e1s szerint \u2013 azonnal elkezdik a le\u00e9p\u00edt\u00e9seket. A sori, direkt dolgoz\u00f3k sz\u00e1m\u00e1t szinte biztos, hogy elkezdik cs\u00f6kkenteni. Az elektronikai iparban b\u0151ven volt p\u00e9lda j\u00f3kora bezuhan\u00e1sokra. Sz\u00e1mos v\u00e1llalatnak \u00f3ri\u00e1si \u00e1tszervez\u00e9seket kellett v\u00e9grehajtania.<\/em>[\/vc_column_text][\/vc_column][vc_column]<div class=\"clearboth\"><\/div><style>#thegem-divider-69f5baa8b2960 {margin-top: 30px !important;}<\/style><div id=\"thegem-divider-69f5baa8b2960\" class=\"gem-divider  \" style=\"\" ><\/div>[\/vc_column][vc_column width=&#8221;1\/2&#8243;][vc_column_text css=&#8221;&#8221; css_animation=&#8221;right-to-left&#8221;]<strong>CW:<\/strong> <strong>Mik az els\u0151 teend\u0151k, ha tart\u00f3snak mutatkoznak a probl\u00e9m\u00e1k a v\u00e1llalatn\u00e1l?<\/strong><\/p>\n<p><strong>DT:<\/strong> <em>Kritikus, hogy meg\u00e9rts\u00fck a v\u00e1ls\u00e1g kiv\u00e1lt\u00f3 okait. Ebben t\u00e1maszt ny\u00fajt a kontrolling. Emellett ki kell der\u00edteni, meg kell \u00e9rteni, hogy a v\u00e1ls\u00e1gnak milyen hat\u00e1sai lesznek a c\u00e9gen bel\u00fcl. Ezut\u00e1n halad\u00e9ktalanul meg kell kezdeni a v\u00e1ls\u00e1g kezel\u00e9s\u00e9t. A c\u00e9gek els\u0151 l\u00e9p\u00e9sk\u00e9nt rendszerint a k\u00f6lts\u00e9geket kezdik el sokkal szigor\u00fabban fogni, megsz\u00fcntetik a kor\u00e1bbi \u201elazas\u00e1got\u201d. Nem mindegy azonban, hogy milyen k\u00f6lts\u00e9geket v\u00e1gnak vissza. \u00c1ltal\u00e1nos reflex p\u00e9ld\u00e1ul, hogy a marketingk\u00f6lts\u00e9get cs\u00f6kkentik, mert az nagy t\u00e9tel, \u00e9s pozit\u00edv hat\u00e1sa azonnal jelentkezik. Ez a l\u00e9p\u00e9s pozit\u00edv oldala. Ugyanakkor a marketing visszafog\u00e1s\u00e1nak term\u00e9szetesen van piaci hat\u00e1sa is. Ez a l\u00e9p\u00e9s kedvez\u0151tlen oldala. Az elad\u00e1sok, illetve a bev\u00e9tel cs\u00f6kken\u00e9se azonban csak k\u00e9s\u0151bb jelentkezik.<\/em>[\/vc_column_text][\/vc_column][vc_column width=&#8221;1\/2&#8243;][vc_column_text css=&#8221;&#8221; css_animation=&#8221;right-to-left&#8221;]<strong>CW: A kontroller t\u00e1mogatja ezeket a visszavonul\u00e1si l\u00e9p\u00e9seket, vagy ink\u00e1bb az el\u0151remenek\u00fcl\u00e9st javasolja?<\/strong><\/p>\n<p><strong>DT:<\/strong> <em>\u00c9n alapvet\u0151en az el\u0151re menek\u00fcl\u00e9sben hiszek. Sajnos sokkal kevesebb p\u00e9ld\u00e1t l\u00e1tni r\u00e1, mint a visszavonul\u00e1sra. A legjobb, ha m\u00e1r el\u0151re, a v\u00e1ls\u00e1g jeleinek mutatkoz\u00e1sa el\u0151tt l\u00e9trehoznak egy strat\u00e9giai tervet egy kr\u00edzis menedzsel\u00e9s\u00e9re. De c\u00e9lszer\u0171 p\u00e9ld\u00e1ul olyan r\u00e9spiacokat is keresni, amelyeket m\u00e1s szerepl\u0151k nem fednek le, \u00e9s ahol esetleg extraprofitra lehet szert tenni. Ha ezek a lehet\u0151s\u00e9gek kell\u0151k\u00e9ppen el\u0151 vannak k\u00e9sz\u00edtve, akkor sz\u00fcks\u00e9g eset\u00e9n gyorsan be lehet l\u00e9pni az \u00e9rintett ter\u00fcletekre. Megjegyzem, a tapasztalatok szerint a v\u00e1ls\u00e1gnak van egy \u201epozit\u00edv\u201d oldala is, legyen sz\u00f3 ak\u00e1r a multikr\u00f3l, ak\u00e1r a kkv-kr\u00f3l. A c\u00e9gek r\u00e1j\u00f6nnek, hogy sokkal hat\u00e9konyabban, sokkal kevesebb k\u00f6lts\u00e9gr\u00e1ford\u00edt\u00e1ssal is el lehet v\u00e9gezni a tev\u00e9kenys\u00e9geiket, mint ahogy tett\u00e9k ezt kor\u00e1bban. M\u00e1sk\u00e9ppen fogalmazva: kider\u00fcl, hogy egy adott term\u00e9ket ak\u00e1r j\u00f3val olcs\u00f3bban is el\u0151 lehet \u00e1ll\u00edtani.<\/em>[\/vc_column_text][\/vc_column][vc_column]<div class=\"clearboth\"><\/div><style>#thegem-divider-69f5baa8b298b {margin-top: 30px !important;}<\/style><div id=\"thegem-divider-69f5baa8b298b\" class=\"gem-divider  \" style=\"\" ><\/div>[\/vc_column][vc_column width=&#8221;1\/2&#8243;][vc_column_text css=&#8221;&#8221; css_animation=&#8221;right-to-left&#8221;]<strong>CW: Mely ipar\u00e1gak \u00e9rz\u00e9kenyek jobban, illetve kev\u00e9sb\u00e9 a v\u00e1ls\u00e1gra?<\/strong><\/p>\n<p><strong>DT:<\/strong> <em>Ha \u00e1tfog\u00f3, egy orsz\u00e1g teljes gazdas\u00e1g\u00e1t \u00e9rint\u0151 v\u00e1ls\u00e1g k\u00f6vetkezik be, bel\u00e9p az a reflex, hogy visszaesik a tart\u00f3s fogyaszt\u00e1si cikkek ir\u00e1nti kereslet. Ez jellemz\u0151en az aut\u00f3ipart, a h\u00e1ztart\u00e1si elektronikai ipart, az ingatlanpiacot \u00e9rinti. Az emberek elhalasztj\u00e1k \u00faj h\u0171t\u0151szekr\u00e9nyek, korszer\u0171bb aut\u00f3k vagy nagyobb lak\u00e1sok v\u00e1s\u00e1rl\u00e1s\u00e1t. Ez a l\u00e9p\u00e9s begy\u0171r\u0171zik az \u00e9rt\u00e9kl\u00e1nc t\u00f6bbi tagj\u00e1nak, teh\u00e1t a sz\u00f3ban forg\u00f3 ipar\u00e1gakat kiszolg\u00e1l\u00f3 v\u00e1llalkoz\u00e1soknak az \u00e9let\u00e9be. Az a tapasztalat, hogy a luxuscikkek piaca sokkal kev\u00e9sb\u00e9 kitett a v\u00e1ls\u00e1goknak, az \u00e1remelked\u00e9seknek. Szeretn\u00e9m hangs\u00falyozni, hogy a mostani v\u00e1ls\u00e1g, ami a vil\u00e1ggazdas\u00e1got s\u00fajtja, teljesen m\u00e1s, mint b\u00e1rmely kor\u00e1bbi v\u00e1ls\u00e1g. Nem csak h\u00e1bor\u00fa van, de mellette volt (van) j\u00e1rv\u00e1ny, \u00e9s most m\u00e1r az energiav\u00e1ls\u00e1ggal \u00e9s az infl\u00e1ci\u00f3val is sz\u00e1molnunk kell. Ez ut\u00f3bbi okainak taglal\u00e1s\u00e1ba most nem menn\u00e9k bele, a l\u00e9nyeg, hogy az infl\u00e1ci\u00f3 az egyik meghat\u00e1roz\u00f3 t\u00e9nyez\u0151 a v\u00e1llalatok \u00e9let\u00e9ben, j\u00f6v\u0151j\u00e9ben.<\/em>[\/vc_column_text][\/vc_column][vc_column width=&#8221;1\/2&#8243;][vc_column_text css=&#8221;&#8221; css_animation=&#8221;right-to-left&#8221;]<strong>CW: Fel lehetett erre a mostani, vagy fel lehet b\u00e1rmely v\u00e1ls\u00e1gra k\u00e9sz\u00fclni?<\/strong><\/p>\n<p><strong>DT:<\/strong> <em>Valamilyen szinten igen, de teljes m\u00e9rt\u00e9kben nem. Ahhoz krist\u00e1lyg\u00f6mb kellene. Ha azonban egy c\u00e9g \u00e9l pl. a kontrolling adta lehet\u0151s\u00e9gekkel, akkor sokkal nagyobb es\u00e9llyel tudja a v\u00e1ls\u00e1gokat kezelni. A kontrolling egyik alapk\u00f6ve pedig az ERP, teh\u00e1t egy megfelel\u0151en struktur\u00e1lt adathalmaz. An\u00e9lk\u00fcl csak \u00e9rz\u00e9sb\u0151l lehet d\u00f6nt\u00e9seket hozni, ami v\u00e1ls\u00e1ghelyzetben ak\u00e1r v\u00e9gzetes is lehet.<\/em><\/p>\n<p><strong>CW: A c\u00e9gm\u00e9ret mennyire befoly\u00e1solja, hogy egy v\u00e1llalkoz\u00e1s mennyire van kit\u00e9ve a v\u00e1ls\u00e1gnak?<\/strong><\/p>\n<p><strong>DT:<\/strong> <em>\u00c1ltal\u00e1ban az az elv \u00e9rv\u00e9nyes\u00fcl, hogy min\u00e9l nagyobb egy v\u00e1llalat, ann\u00e1l stabilabb, ann\u00e1l v\u00e1ls\u00e1g\u00e1ll\u00f3bb. Term\u00e9szetesen a nagyok is meg\u00e9rzik a v\u00e1ls\u00e1got, de t\u00f6bb mozg\u00e1ster\u00fck van tenni ellene, mint a kisebbeknek. Ugyanakkor \u00f6nmag\u00e1ban a v\u00e1llalati m\u00e9ret nem el\u00e9gs\u00e9ges felt\u00e9tele annak, hogy egy c\u00e9g t\u00fal\u00e9lje a v\u00e1ls\u00e1got. L\u00e1ttunk m\u00e1r \u00f3ri\u00e1si v\u00e1llalatokat is bed\u0151lni. Ahogy m\u00e1r eml\u00edtettem, a jelenlegi v\u00e1ls\u00e1g minden eddigit\u0151l k\u00fcl\u00f6nb\u00f6zik. Energiav\u00e1ls\u00e1ggal is k\u00fczd\u00fcnk, ami szoros \u00f6sszef\u00fcgg\u00e9sben van a politikai esem\u00e9nyekkel. A v\u00e9gkifejlet egyel\u0151re megj\u00f3solhatatlan. A hat\u00e1sok komolyan \u00e9rinthetnek \u00f3ri\u00e1sv\u00e1llalatokat is, de a kisebb c\u00e9gek jellemz\u0151en jobban ki vannak t\u00e9ve a kedvez\u0151tlen k\u00f6rnyezeti felt\u00e9teleknek.<\/em>[\/vc_column_text][\/vc_column][vc_column]<div class=\"clearboth\"><\/div><style>#thegem-divider-69f5baa8b29ac {margin-top: 30px !important;}<\/style><div id=\"thegem-divider-69f5baa8b29ac\" class=\"gem-divider  \" style=\"\" ><\/div>[\/vc_column][vc_column width=&#8221;1\/2&#8243;][vc_column_text css=&#8221;&#8221; css_animation=&#8221;right-to-left&#8221;]<strong>CW: Mondana konkr\u00e9t p\u00e9ld\u00e1t a sikeres, illetve a sikertelen v\u00e1ls\u00e1gkezel\u00e9sre saj\u00e1t praxis\u00e1b\u00f3l?<\/strong><\/p>\n<p><strong>DT:<\/strong> <em>M\u00e9g a Covid el\u0151tt keresett meg minket egy kisebb hazai b\u00fatoripari gy\u00e1rt\u00f3. A fiatal v\u00e1llalkoz\u00f3 m\u00e1r k\u00f6zel v\u00e9gzetes helyzetben volt. A v\u00e1llalkoz\u00e1snak hiteleket kellett felvennie, nem tudta fenntartani mag\u00e1t. Miut\u00e1n \u00e1tvizsg\u00e1ltuk a k\u00f6lts\u00e9gstrukt\u00far\u00e1t, kider\u00fclt, hogy rosszul kalkul\u00e1lt\u00e1k az \u00f6nk\u00f6lts\u00e9get. Az \u00fajrasz\u00e1mol\u00e1s ut\u00e1n m\u00f3dos\u00edtani kellett az elad\u00e1si \u00e1rakat. Term\u00e9szetesen ez n\u00e9h\u00e1ny vev\u0151 elveszt\u00e9s\u00e9vel j\u00e1rt, de a t\u00f6bbs\u00e9g maradt, \u00e9rt\u00e9kelte a j\u00f3 min\u0151s\u00e9get. A c\u00e9g ma is sikeresen m\u0171k\u00f6dik. Sajnos van ellenkez\u0151 p\u00e9lda is. Tavaly, amikor az infl\u00e1ci\u00f3 megl\u00f3dult, egy \u00e9lelmiszeripari term\u00e9keket el\u0151\u00e1ll\u00edt\u00f3, a b\u00fatoriparin\u00e1l sokkal nagyobb c\u00e9g fordult hozz\u00e1nk. Azzal kerestek meg, hogy a rohamosan roml\u00f3 eredm\u00e9nyeik miatt kalkul\u00e1ljuk ki az \u00f6nk\u00f6lts\u00e9geiket, hogy ezzel az \u00e1raz\u00e1suk biztos l\u00e1bakon \u00e1lljon \u00e9s megfelel\u0151 d\u00f6nt\u00e9seket tudjanak hozni. Elkezdt\u00fck a munk\u00e1t, de nem tudtuk befejezni. A tulajdonos, aki megkeresett minket, \u00e1tadta a projektet az \u00fcgyvezet\u0151nek, aki viszont val\u00f3sz\u00edn\u0171leg nem l\u00e1tta meg benne a l\u00e9nyeget. Nem kaptuk meg a k\u00e9rt adatokat, nem tudtunk rendszeresen egyeztetni sem. N\u00e9h\u00e1ny h\u00f3nap m\u00falva k\u00f6lts\u00e9gtakar\u00e9koss\u00e1gi okokra hivatkozva el\u00e1lltak a projektt\u0151l, ami ebben a makrogazdas\u00e1gi k\u00f6rnyezetben val\u00f3sz\u00edn\u0171leg a lehet\u0151 legrosszabb d\u00f6nt\u00e9s volt. K\u00edv\u00e1ncsi vagyok, meddig tartanak ki, de pontosan kalkul\u00e1lt \u00e9s gyorsan friss\u00edthet\u0151 \u00f6nk\u00f6lts\u00e9gek ismerete n\u00e9lk\u00fcl nem j\u00f3solok nekik hossz\u00fa, sikeres j\u00f6v\u0151t. Csak z\u00e1r\u00f3jelben jegyzem meg, hogy nem tal\u00e1lkoztam m\u00e9g olyan hazai kkv-val, ahol helyesen kalkul\u00e1lt\u00e1k volna ki az \u00f6nk\u00f6lts\u00e9get \u2013 ha van ilyen egy\u00e1ltal\u00e1n.<\/em>[\/vc_column_text][\/vc_column][vc_column width=&#8221;1\/2&#8243;][vc_column_text css=&#8221;&#8221; css_animation=&#8221;right-to-left&#8221;]<strong>CW: Melyek a v\u00e1ls\u00e1gkezel\u00e9s f\u0151 sikert\u00e9nyez\u0151i?<\/strong><\/p>\n<p><strong>DT:<\/strong> \u00a0<em>A legfontosabb a kompetens vezet\u00e9s, hiszen ha a legfels\u0151 szinten nem \u00e9rtik a probl\u00e9m\u00e1t, semmi j\u00f3 nem v\u00e1rhat\u00f3. De \u00f6nmag\u00e1ban ez m\u00e9g nem garancia a sikerre. A k\u00f6vetkez\u0151 fontos sikert\u00e9nyez\u0151 az ERP \u00e9s a kontrolling, melyekkel j\u00f3l el\u0151re jelezhet\u0151, hogy milyen d\u00f6nt\u00e9s eset\u00e9n v\u00e1rhat\u00f3an mi fog t\u00f6rt\u00e9nni \u2013 ez v\u00e1ls\u00e1gok eset\u00e9n kritikus. A legjobb vezet\u0151 is \u201db\u00e9na kacsa\u201d pontos sz\u00e1mok \u00e9s inform\u00e1ci\u00f3k n\u00e9lk\u00fcl. V\u00e9g\u00fcl, de nem utols\u00f3 sorban eml\u00edtem a szervezeti fel\u00e9p\u00edt\u00e9st \u00e9s v\u00e1llalati kult\u00far\u00e1t. Amikor minden a megszokott m\u00f3don t\u00f6rt\u00e9nik, szinte b\u00e1rmilyen szervezet megbirk\u00f3zik a h\u00e9tk\u00f6znapokkal, de amikor v\u00e1ls\u00e1ghelyzetben gyorsan \u00e9s rugalmasan kell v\u00e1laszolni a megv\u00e1ltozott k\u00f6r\u00fclm\u00e9nyekre, akkor der\u00fcl ki igaz\u00e1n, hogy j\u00f3l vagy rosszul szervezett-e a v\u00e1llalat. K\u00fcl\u00f6n\u00f6sen a nagyobb v\u00e1llalatokn\u00e1l, amelyek t\u00f6bb r\u00e9szegys\u00e9gb\u0151l tev\u0151dnek \u00f6ssze. Ezekn\u00e9l egyes csapatok szinte \u00f6nj\u00e1r\u00f3ak, m\u0171k\u00f6d\u00e9s\u00fck minden apr\u00f3 r\u00e9szlete nehezen \u00e1tl\u00e1that\u00f3 a fels\u0151vezet\u00e9s sz\u00e1m\u00e1ra. A teljes, a szervezet eg\u00e9sz\u00e9t \u00e9rint\u0151 v\u00e1llalati kult\u00fara teh\u00e1t meghat\u00e1roz\u00f3.<\/em>[\/vc_column_text][\/vc_column][vc_column][vc_column_text css=&#8221;&#8221;]<i>Tal\u00e1n ismer\u0151sen cseng az a mondat, hogy \u201daz adat az \u00faj olaj\u201d. Min\u0151s\u00e9gi adat \u00e9s inform\u00e1ci\u00f3 n\u00e9lk\u00fcl egy komoly v\u00e1ls\u00e1ggal megk\u00fczdeni j\u00f3 es\u00e9llyel \u201dmission impossible\u201d. Egyetlen tan\u00e1csom van: m\u00e9rj, m\u00e9rj \u00e9s m\u00e9rj!<\/i><\/p>\n<p>Forr\u00e1s: Computerworld[\/vc_column_text][\/vc_column][\/vc_row][vc_row][vc_column]<div class=\"thegem-te-post-navigation post-nav--justified post-arrows--simple thegem-custom-69f5baa8b29f88711\"> <nav class=\"navigation post-navigation\" aria-label=\"Bejegyz\u00e9sek\"> <h2 class=\"screen-reader-text\">Bejegyz\u00e9s navig\u00e1ci\u00f3<\/h2> <div class=\"nav-links\"><div class=\"nav-previous\"><a href=\"https:\/\/control1.webempire.hu\/?p=3357\" rel=\"prev\"><i class=\"meta-icon\"><\/i><span class=\"meta-nav\" aria-hidden=\"true\"><span class=\"post-label\"><span class=\" \">El\u0151z\u0151 poszt<\/span><\/span><span class=\"post-title\"><span class=\" \">Szakmai el\u0151ad\u00e1s a Beconomist \u00fczleti oktat\u00e1si platformon<\/span><\/span><\/span><\/a><\/div><div class=\"nav-next\"><a href=\"https:\/\/control1.webempire.hu\/?p=3403\" rel=\"next\"><span class=\"meta-nav\" aria-hidden=\"true\"><span class=\"post-label\"><span class=\" \">K\u00f6vetkez\u0151 poszt<\/span><\/span><span class=\"post-title\"><span class=\" \">V\u00e1llalkoz\u00e1st vezetsz? Ezekre figyelj legink\u00e1bb 2023-ban!<\/span><\/span><\/span><i class=\"meta-icon\"><\/i><\/a><\/div><\/div> <\/nav> <\/div>[\/vc_column][\/vc_row]<\/p>\n<\/div>","protected":false},"excerpt":{"rendered":"<p>OKNYOMOZ\u00c1S KR\u00cdZISBEN<\/p>\n<p>Ha egy v\u00e1llalkoz\u00e1s a v\u00e1ls\u00e1g jeleit tapasztalja, az els\u0151 \u00e9s legfontosabb l\u00e9p\u00e9s az okok felder\u00edt\u00e9se \u00e9s meg\u00e9rt\u00e9se. A felk\u00e9sz\u00fcl\u00e9shez azonban m\u00e1r \u201eb\u00e9keid\u0151ben\u201d hozz\u00e1 kell l\u00e1tni. A kompetens vezet\u00e9s, az ERP rendszerre \u00e9p\u00fcl\u0151 kontrolling \u00e9s a megfelel\u0151 v\u00e1llalati kult\u00fara, szervezeti fel\u00e9p\u00edt\u00e9s hozz\u00e1seg\u00edthet a kr\u00edzis elh\u00e1r\u00edt\u00e1s\u00e1hoz.\u00a0<\/p>\n","protected":false},"author":2,"featured_media":14168,"comment_status":"closed","ping_status":"closed","sticky":false,"template":"","format":"standard","meta":{"footnotes":""},"categories":[82],"tags":[],"class_list":{"0":"post-3387","1":"post","2":"type-post","3":"status-publish","4":"format-standard","5":"has-post-thumbnail","7":"category-kontrolling-cikk-hu"},"yoast_head":"<!-- This site is optimized with the Yoast SEO plugin v27.2 - https:\/\/yoast.com\/product\/yoast-seo-wordpress\/ -->\n<title>Oknyomoz\u00e1s kr\u00edzisben - szak\u00e9rt\u0151i interj\u00fa a Computerworld magazinban - Control1<\/title>\n<meta name=\"description\" content=\"Dobai Tam\u00e1s a Computerworld magazinnak adott interj\u00faban kr\u00edzismenedzsmenttel, v\u00e1ls\u00e1gkezel\u00e9ssel \u00e9ss annak sikert\u00e9nyez\u0151ir\u0151l besz\u00e9lt. Control1\" \/>\n<meta name=\"robots\" content=\"index, follow, max-snippet:-1, max-image-preview:large, max-video-preview:-1\" \/>\n<link rel=\"canonical\" href=\"https:\/\/control1.webempire.hu\/?p=3387\" \/>\n<meta property=\"og:locale\" content=\"hu_HU\" \/>\n<meta property=\"og:type\" content=\"article\" \/>\n<meta property=\"og:title\" content=\"Oknyomoz\u00e1s kr\u00edzisben - szak\u00e9rt\u0151i interj\u00fa a Computerworld magazinban - Control1\" \/>\n<meta property=\"og:description\" content=\"Dobai Tam\u00e1s a Computerworld magazinnak adott interj\u00faban kr\u00edzismenedzsmenttel, v\u00e1ls\u00e1gkezel\u00e9ssel \u00e9ss annak sikert\u00e9nyez\u0151ir\u0151l besz\u00e9lt. Control1\" \/>\n<meta property=\"og:url\" content=\"https:\/\/control1.webempire.hu\/?p=3387\" \/>\n<meta property=\"og:site_name\" content=\"Control1\" \/>\n<meta property=\"article:publisher\" content=\"https:\/\/www.facebook.com\/control1.hu\/\" \/>\n<meta property=\"article:published_time\" content=\"2023-02-08T17:17:54+00:00\" \/>\n<meta property=\"article:modified_time\" content=\"2026-03-17T12:23:09+00:00\" \/>\n<meta property=\"og:image\" content=\"https:\/\/control1.webempire.hu\/wp-content\/uploads\/2023\/02\/Control1_blog4.jpg\" \/>\n\t<meta property=\"og:image:width\" content=\"1200\" \/>\n\t<meta property=\"og:image:height\" content=\"1200\" \/>\n\t<meta property=\"og:image:type\" content=\"image\/jpeg\" \/>\n<meta name=\"author\" content=\"Dobai Tam\u00e1s\" \/>\n<meta name=\"twitter:card\" content=\"summary_large_image\" \/>\n<meta name=\"twitter:label1\" content=\"Szerz\u0151:\" \/>\n\t<meta name=\"twitter:data1\" content=\"Dobai Tam\u00e1s\" \/>\n\t<meta name=\"twitter:label2\" content=\"Becs\u00fclt olvas\u00e1si id\u0151\" \/>\n\t<meta name=\"twitter:data2\" content=\"11 perc\" \/>\n<script type=\"application\/ld+json\" class=\"yoast-schema-graph\">{\"@context\":\"https:\/\/schema.org\",\"@graph\":[{\"@type\":\"Article\",\"@id\":\"https:\/\/control1.webempire.hu\/?p=3387#article\",\"isPartOf\":{\"@id\":\"https:\/\/control1.webempire.hu\/?p=3387\"},\"author\":{\"name\":\"Dobai Tam\u00e1s\",\"@id\":\"https:\/\/control1.webempire.hu\/#\/schema\/person\/166dffddb7ac6dda2328107a4cd246f6\"},\"headline\":\"Oknyomoz\u00e1s kr\u00edzisben &#8211; szak\u00e9rt\u0151i interj\u00fa a Computerworld magazinban\",\"datePublished\":\"2023-02-08T17:17:54+00:00\",\"dateModified\":\"2026-03-17T12:23:09+00:00\",\"mainEntityOfPage\":{\"@id\":\"https:\/\/control1.webempire.hu\/?p=3387\"},\"wordCount\":2448,\"publisher\":{\"@id\":\"https:\/\/control1.webempire.hu\/#organization\"},\"image\":{\"@id\":\"https:\/\/control1.webempire.hu\/?p=3387#primaryimage\"},\"thumbnailUrl\":\"https:\/\/control1.webempire.hu\/wp-content\/uploads\/2023\/02\/Control1_blog4.jpg\",\"articleSection\":[\"Kontrolling cikk\"],\"inLanguage\":\"hu\"},{\"@type\":\"WebPage\",\"@id\":\"https:\/\/control1.webempire.hu\/?p=3387\",\"url\":\"https:\/\/control1.webempire.hu\/?p=3387\",\"name\":\"Oknyomoz\u00e1s kr\u00edzisben - szak\u00e9rt\u0151i interj\u00fa a Computerworld magazinban - Control1\",\"isPartOf\":{\"@id\":\"https:\/\/control1.webempire.hu\/#website\"},\"primaryImageOfPage\":{\"@id\":\"https:\/\/control1.webempire.hu\/?p=3387#primaryimage\"},\"image\":{\"@id\":\"https:\/\/control1.webempire.hu\/?p=3387#primaryimage\"},\"thumbnailUrl\":\"https:\/\/control1.webempire.hu\/wp-content\/uploads\/2023\/02\/Control1_blog4.jpg\",\"datePublished\":\"2023-02-08T17:17:54+00:00\",\"dateModified\":\"2026-03-17T12:23:09+00:00\",\"description\":\"Dobai Tam\u00e1s a Computerworld magazinnak adott interj\u00faban kr\u00edzismenedzsmenttel, v\u00e1ls\u00e1gkezel\u00e9ssel \u00e9ss annak sikert\u00e9nyez\u0151ir\u0151l besz\u00e9lt. Control1\",\"breadcrumb\":{\"@id\":\"https:\/\/control1.webempire.hu\/?p=3387#breadcrumb\"},\"inLanguage\":\"hu\",\"potentialAction\":[{\"@type\":\"ReadAction\",\"target\":[\"https:\/\/control1.webempire.hu\/?p=3387\"]}]},{\"@type\":\"ImageObject\",\"inLanguage\":\"hu\",\"@id\":\"https:\/\/control1.webempire.hu\/?p=3387#primaryimage\",\"url\":\"https:\/\/control1.webempire.hu\/wp-content\/uploads\/2023\/02\/Control1_blog4.jpg\",\"contentUrl\":\"https:\/\/control1.webempire.hu\/wp-content\/uploads\/2023\/02\/Control1_blog4.jpg\",\"width\":1200,\"height\":1200},{\"@type\":\"BreadcrumbList\",\"@id\":\"https:\/\/control1.webempire.hu\/?p=3387#breadcrumb\",\"itemListElement\":[{\"@type\":\"ListItem\",\"position\":1,\"name\":\"Kezd\u0151lap\",\"item\":\"https:\/\/control1.webempire.hu\/\"},{\"@type\":\"ListItem\",\"position\":2,\"name\":\"Oknyomoz\u00e1s kr\u00edzisben &#8211; szak\u00e9rt\u0151i interj\u00fa a Computerworld magazinban\"}]},{\"@type\":\"WebSite\",\"@id\":\"https:\/\/control1.webempire.hu\/#website\",\"url\":\"https:\/\/control1.webempire.hu\/\",\"name\":\"Control1\",\"description\":\"P\u00e9nz\u00fcgyi megold\u00e1s c\u00e9geknek, v\u00e1llalkoz\u00f3knak\",\"publisher\":{\"@id\":\"https:\/\/control1.webempire.hu\/#organization\"},\"potentialAction\":[{\"@type\":\"SearchAction\",\"target\":{\"@type\":\"EntryPoint\",\"urlTemplate\":\"https:\/\/control1.webempire.hu\/?s={search_term_string}\"},\"query-input\":{\"@type\":\"PropertyValueSpecification\",\"valueRequired\":true,\"valueName\":\"search_term_string\"}}],\"inLanguage\":\"hu\"},{\"@type\":\"Organization\",\"@id\":\"https:\/\/control1.webempire.hu\/#organization\",\"name\":\"Control1\",\"url\":\"https:\/\/control1.webempire.hu\/\",\"logo\":{\"@type\":\"ImageObject\",\"inLanguage\":\"hu\",\"@id\":\"https:\/\/control1.webempire.hu\/#\/schema\/logo\/image\/\",\"url\":\"https:\/\/control1.webempire.hu\/wp-content\/uploads\/2025\/11\/logo_control1-scaled.png\",\"contentUrl\":\"https:\/\/control1.webempire.hu\/wp-content\/uploads\/2025\/11\/logo_control1-scaled.png\",\"width\":2560,\"height\":692,\"caption\":\"Control1\"},\"image\":{\"@id\":\"https:\/\/control1.webempire.hu\/#\/schema\/logo\/image\/\"},\"sameAs\":[\"https:\/\/www.facebook.com\/control1.hu\/\",\"https:\/\/www.linkedin.com\/company\/control1\"]},{\"@type\":\"Person\",\"@id\":\"https:\/\/control1.webempire.hu\/#\/schema\/person\/166dffddb7ac6dda2328107a4cd246f6\",\"name\":\"Dobai Tam\u00e1s\",\"image\":{\"@type\":\"ImageObject\",\"inLanguage\":\"hu\",\"@id\":\"https:\/\/secure.gravatar.com\/avatar\/4769ebf4f40e30928d66ef03bb4bdc39378f9e8de061330bac987d4bae65f2f1?s=96&d=mm&r=g\",\"url\":\"https:\/\/secure.gravatar.com\/avatar\/4769ebf4f40e30928d66ef03bb4bdc39378f9e8de061330bac987d4bae65f2f1?s=96&d=mm&r=g\",\"contentUrl\":\"https:\/\/secure.gravatar.com\/avatar\/4769ebf4f40e30928d66ef03bb4bdc39378f9e8de061330bac987d4bae65f2f1?s=96&d=mm&r=g\",\"caption\":\"Dobai Tam\u00e1s\"},\"url\":\"https:\/\/control1.webempire.hu\/?author=2\"}]}<\/script>\n<!-- \/ Yoast SEO plugin. -->","yoast_head_json":{"title":"Oknyomoz\u00e1s kr\u00edzisben - szak\u00e9rt\u0151i interj\u00fa a Computerworld magazinban - Control1","description":"Dobai Tam\u00e1s a Computerworld magazinnak adott interj\u00faban kr\u00edzismenedzsmenttel, v\u00e1ls\u00e1gkezel\u00e9ssel \u00e9ss annak sikert\u00e9nyez\u0151ir\u0151l besz\u00e9lt. Control1","robots":{"index":"index","follow":"follow","max-snippet":"max-snippet:-1","max-image-preview":"max-image-preview:large","max-video-preview":"max-video-preview:-1"},"canonical":"https:\/\/control1.webempire.hu\/?p=3387","og_locale":"hu_HU","og_type":"article","og_title":"Oknyomoz\u00e1s kr\u00edzisben - szak\u00e9rt\u0151i interj\u00fa a Computerworld magazinban - Control1","og_description":"Dobai Tam\u00e1s a Computerworld magazinnak adott interj\u00faban kr\u00edzismenedzsmenttel, v\u00e1ls\u00e1gkezel\u00e9ssel \u00e9ss annak sikert\u00e9nyez\u0151ir\u0151l besz\u00e9lt. Control1","og_url":"https:\/\/control1.webempire.hu\/?p=3387","og_site_name":"Control1","article_publisher":"https:\/\/www.facebook.com\/control1.hu\/","article_published_time":"2023-02-08T17:17:54+00:00","article_modified_time":"2026-03-17T12:23:09+00:00","og_image":[{"width":1200,"height":1200,"url":"https:\/\/control1.webempire.hu\/wp-content\/uploads\/2023\/02\/Control1_blog4.jpg","type":"image\/jpeg"}],"author":"Dobai Tam\u00e1s","twitter_card":"summary_large_image","twitter_misc":{"Szerz\u0151:":"Dobai Tam\u00e1s","Becs\u00fclt olvas\u00e1si id\u0151":"11 perc"},"schema":{"@context":"https:\/\/schema.org","@graph":[{"@type":"Article","@id":"https:\/\/control1.webempire.hu\/?p=3387#article","isPartOf":{"@id":"https:\/\/control1.webempire.hu\/?p=3387"},"author":{"name":"Dobai Tam\u00e1s","@id":"https:\/\/control1.webempire.hu\/#\/schema\/person\/166dffddb7ac6dda2328107a4cd246f6"},"headline":"Oknyomoz\u00e1s kr\u00edzisben &#8211; szak\u00e9rt\u0151i interj\u00fa a Computerworld magazinban","datePublished":"2023-02-08T17:17:54+00:00","dateModified":"2026-03-17T12:23:09+00:00","mainEntityOfPage":{"@id":"https:\/\/control1.webempire.hu\/?p=3387"},"wordCount":2448,"publisher":{"@id":"https:\/\/control1.webempire.hu\/#organization"},"image":{"@id":"https:\/\/control1.webempire.hu\/?p=3387#primaryimage"},"thumbnailUrl":"https:\/\/control1.webempire.hu\/wp-content\/uploads\/2023\/02\/Control1_blog4.jpg","articleSection":["Kontrolling cikk"],"inLanguage":"hu"},{"@type":"WebPage","@id":"https:\/\/control1.webempire.hu\/?p=3387","url":"https:\/\/control1.webempire.hu\/?p=3387","name":"Oknyomoz\u00e1s kr\u00edzisben - szak\u00e9rt\u0151i interj\u00fa a Computerworld magazinban - Control1","isPartOf":{"@id":"https:\/\/control1.webempire.hu\/#website"},"primaryImageOfPage":{"@id":"https:\/\/control1.webempire.hu\/?p=3387#primaryimage"},"image":{"@id":"https:\/\/control1.webempire.hu\/?p=3387#primaryimage"},"thumbnailUrl":"https:\/\/control1.webempire.hu\/wp-content\/uploads\/2023\/02\/Control1_blog4.jpg","datePublished":"2023-02-08T17:17:54+00:00","dateModified":"2026-03-17T12:23:09+00:00","description":"Dobai Tam\u00e1s a Computerworld magazinnak adott interj\u00faban kr\u00edzismenedzsmenttel, v\u00e1ls\u00e1gkezel\u00e9ssel \u00e9ss annak sikert\u00e9nyez\u0151ir\u0151l besz\u00e9lt. Control1","breadcrumb":{"@id":"https:\/\/control1.webempire.hu\/?p=3387#breadcrumb"},"inLanguage":"hu","potentialAction":[{"@type":"ReadAction","target":["https:\/\/control1.webempire.hu\/?p=3387"]}]},{"@type":"ImageObject","inLanguage":"hu","@id":"https:\/\/control1.webempire.hu\/?p=3387#primaryimage","url":"https:\/\/control1.webempire.hu\/wp-content\/uploads\/2023\/02\/Control1_blog4.jpg","contentUrl":"https:\/\/control1.webempire.hu\/wp-content\/uploads\/2023\/02\/Control1_blog4.jpg","width":1200,"height":1200},{"@type":"BreadcrumbList","@id":"https:\/\/control1.webempire.hu\/?p=3387#breadcrumb","itemListElement":[{"@type":"ListItem","position":1,"name":"Kezd\u0151lap","item":"https:\/\/control1.webempire.hu\/"},{"@type":"ListItem","position":2,"name":"Oknyomoz\u00e1s kr\u00edzisben &#8211; szak\u00e9rt\u0151i interj\u00fa a Computerworld magazinban"}]},{"@type":"WebSite","@id":"https:\/\/control1.webempire.hu\/#website","url":"https:\/\/control1.webempire.hu\/","name":"Control1","description":"P\u00e9nz\u00fcgyi megold\u00e1s c\u00e9geknek, v\u00e1llalkoz\u00f3knak","publisher":{"@id":"https:\/\/control1.webempire.hu\/#organization"},"potentialAction":[{"@type":"SearchAction","target":{"@type":"EntryPoint","urlTemplate":"https:\/\/control1.webempire.hu\/?s={search_term_string}"},"query-input":{"@type":"PropertyValueSpecification","valueRequired":true,"valueName":"search_term_string"}}],"inLanguage":"hu"},{"@type":"Organization","@id":"https:\/\/control1.webempire.hu\/#organization","name":"Control1","url":"https:\/\/control1.webempire.hu\/","logo":{"@type":"ImageObject","inLanguage":"hu","@id":"https:\/\/control1.webempire.hu\/#\/schema\/logo\/image\/","url":"https:\/\/control1.webempire.hu\/wp-content\/uploads\/2025\/11\/logo_control1-scaled.png","contentUrl":"https:\/\/control1.webempire.hu\/wp-content\/uploads\/2025\/11\/logo_control1-scaled.png","width":2560,"height":692,"caption":"Control1"},"image":{"@id":"https:\/\/control1.webempire.hu\/#\/schema\/logo\/image\/"},"sameAs":["https:\/\/www.facebook.com\/control1.hu\/","https:\/\/www.linkedin.com\/company\/control1"]},{"@type":"Person","@id":"https:\/\/control1.webempire.hu\/#\/schema\/person\/166dffddb7ac6dda2328107a4cd246f6","name":"Dobai Tam\u00e1s","image":{"@type":"ImageObject","inLanguage":"hu","@id":"https:\/\/secure.gravatar.com\/avatar\/4769ebf4f40e30928d66ef03bb4bdc39378f9e8de061330bac987d4bae65f2f1?s=96&d=mm&r=g","url":"https:\/\/secure.gravatar.com\/avatar\/4769ebf4f40e30928d66ef03bb4bdc39378f9e8de061330bac987d4bae65f2f1?s=96&d=mm&r=g","contentUrl":"https:\/\/secure.gravatar.com\/avatar\/4769ebf4f40e30928d66ef03bb4bdc39378f9e8de061330bac987d4bae65f2f1?s=96&d=mm&r=g","caption":"Dobai Tam\u00e1s"},"url":"https:\/\/control1.webempire.hu\/?author=2"}]}},"menu_order":0,"_links":{"self":[{"href":"https:\/\/control1.webempire.hu\/index.php?rest_route=\/wp\/v2\/posts\/3387","targetHints":{"allow":["GET"]}}],"collection":[{"href":"https:\/\/control1.webempire.hu\/index.php?rest_route=\/wp\/v2\/posts"}],"about":[{"href":"https:\/\/control1.webempire.hu\/index.php?rest_route=\/wp\/v2\/types\/post"}],"author":[{"embeddable":true,"href":"https:\/\/control1.webempire.hu\/index.php?rest_route=\/wp\/v2\/users\/2"}],"replies":[{"embeddable":true,"href":"https:\/\/control1.webempire.hu\/index.php?rest_route=%2Fwp%2Fv2%2Fcomments&post=3387"}],"version-history":[{"count":4,"href":"https:\/\/control1.webempire.hu\/index.php?rest_route=\/wp\/v2\/posts\/3387\/revisions"}],"predecessor-version":[{"id":14210,"href":"https:\/\/control1.webempire.hu\/index.php?rest_route=\/wp\/v2\/posts\/3387\/revisions\/14210"}],"wp:featuredmedia":[{"embeddable":true,"href":"https:\/\/control1.webempire.hu\/index.php?rest_route=\/wp\/v2\/media\/14168"}],"wp:attachment":[{"href":"https:\/\/control1.webempire.hu\/index.php?rest_route=%2Fwp%2Fv2%2Fmedia&parent=3387"}],"wp:term":[{"taxonomy":"category","embeddable":true,"href":"https:\/\/control1.webempire.hu\/index.php?rest_route=%2Fwp%2Fv2%2Fcategories&post=3387"},{"taxonomy":"post_tag","embeddable":true,"href":"https:\/\/control1.webempire.hu\/index.php?rest_route=%2Fwp%2Fv2%2Ftags&post=3387"}],"curies":[{"name":"wp","href":"https:\/\/api.w.org\/{rel}","templated":true}]}}