{"id":3004,"date":"2021-03-08T13:44:40","date_gmt":"2021-03-08T13:44:40","guid":{"rendered":"https:\/\/control1.hu\/?p=3004"},"modified":"2026-03-18T08:47:00","modified_gmt":"2026-03-18T08:47:00","slug":"masfel-ev-alatt-ot-evnyi-munka-interju-a-clarion-hungary-elektronikai-kft-ugyvezetojevel","status":"publish","type":"post","link":"https:\/\/control1.webempire.hu\/?p=3004","title":{"rendered":"M\u00e1sf\u00e9l \u00e9v alatt \u00f6t \u00e9vnyi munka  &#8211; Interj\u00fa a Clarion Hungary Elektronikai Kft. \u00fcgyvezet\u0151j\u00e9vel"},"content":{"rendered":"<div class=\"wpb-content-wrapper\"><p>[vc_row el_class=&#8221;st-dropcap&#8221;][vc_column][vc_column_text css=&#8221;&#8221;]<\/p>\n<h1 class=\"elementor-heading-title elementor-size-default\" style=\"text-align: center;\">M\u00e1sf\u00e9l \u00e9v alatt \u00f6t \u00e9vnyi munka &#8211; Interj\u00fa a Clarion Hungary Elektronikai Kft. \u00fcgyvezet\u0151j\u00e9vel<\/h1>\n<p>[\/vc_column_text]<div class=\"clearboth\"><\/div><style>#thegem-divider-69f5f1bd97b61 {margin-top: 140px !important;}<\/style><div id=\"thegem-divider-69f5f1bd97b61\" class=\"gem-divider  \" style=\"\" ><\/div>[vc_column_text css=&#8221;.vc_custom_1773823549679{margin-bottom: 30px !important;}&#8221; css_animation=&#8221;right-to-left&#8221;]<\/p>\n<div class=\"elementor-element elementor-element-1657f6a3 elementor-widget elementor-widget-theme-post-excerpt\" data-id=\"1657f6a3\" data-element_type=\"widget\" data-widget_type=\"theme-post-excerpt.default\">\n<div class=\"elementor-widget-container\">Az elm\u00falt m\u00e1sf\u00e9l \u00e9v tapasztalatair\u00f3l k\u00e9sz\u00fclt vide\u00f3ban a Clarion Hungary Elektronikai Kft. \u00fcgyvezet\u0151j\u00e9vel, Szuba Csab\u00e1val besz\u00e9lgetett vezet\u0151 kontroller\u00fcnk, Dobai Tam\u00e1s.<\/div>\n<\/div>\n<p>[\/vc_column_text]<div class=\"clearboth\"><\/div><style>#thegem-divider-69f5f1bd97b99 {margin-top: 35px !important;}<\/style><div id=\"thegem-divider-69f5f1bd97b99\" class=\"gem-divider  \" style=\"\" ><\/div><div class=\"gem-video gem-wrapbox gem-wrapbox-style-no-style rounded-corners gem-wrapbox-position-below\" style=\"width: 100%;\"><div class=\"gem-wrapbox-inner video-block gem-ratio-style\" style=\"padding-top: 56.25%\"><video width=\"100%\" height=\"100%\" controls=\"controls\" src=\"https:\/\/www.youtube.com\/watch?v=u99CZ_q-XTg\"  preload=\"none\"><\/video><\/div><\/div>[\/vc_column][\/vc_row][vc_row][vc_column]<div class=\"clearboth\"><\/div><style>#thegem-divider-69f5f1bd97be5 {margin-top: 35px !important;}<\/style><div id=\"thegem-divider-69f5f1bd97be5\" class=\"gem-divider  \" style=\"\" ><\/div><div class=\"thegem-te-post-navigation post-nav--justified post-arrows--simple thegem-custom-69f5f1bd97c147988\"> <nav class=\"navigation post-navigation\" aria-label=\"Bejegyz\u00e9sek\"> <h2 class=\"screen-reader-text\">Bejegyz\u00e9s navig\u00e1ci\u00f3<\/h2> <div class=\"nav-links\"><div class=\"nav-previous\"><a href=\"https:\/\/control1.webempire.hu\/?p=2959\" rel=\"prev\"><i class=\"meta-icon\"><\/i><span class=\"meta-nav\" aria-hidden=\"true\"><span class=\"post-label\"><span class=\" \">El\u0151z\u0151 poszt<\/span><\/span><span class=\"post-title\"><span class=\" \">V\u00e1llalati kontroller \u2013 bar\u00e1t vagy ellens\u00e9g?<\/span><\/span><\/span><\/a><\/div><div class=\"nav-next\"><a href=\"https:\/\/control1.webempire.hu\/?p=3018\" rel=\"next\"><span class=\"meta-nav\" aria-hidden=\"true\"><span class=\"post-label\"><span class=\" \">K\u00f6vetkez\u0151 poszt<\/span><\/span><span class=\"post-title\"><span class=\" \">Hogyan cs\u00f6ppent\u00fcnk kontrollerk\u00e9nt egy csal\u00e1di matracgy\u00e1rt\u00f3 v\u00e1llalkoz\u00e1s mindennapjaiba?<\/span><\/span><\/span><i class=\"meta-icon\"><\/i><\/a><\/div><\/div> <\/nav> <\/div><div class=\"clearboth\"><\/div><style>#thegem-divider-69f5f1bd99082 {margin-top: 35px !important;}<\/style><div id=\"thegem-divider-69f5f1bd99082\" class=\"gem-divider  \" style=\"\" ><\/div>[\/vc_column][\/vc_row]<\/p>\n<\/div>","protected":false},"excerpt":{"rendered":"<p>Az elm\u00falt m\u00e1sf\u00e9l \u00e9v tapasztalatair\u00f3l k\u00e9sz\u00fclt vide\u00f3ban a Clarion Hungary Elektronikai Kft. \u00fcgyvezet\u0151j\u00e9vel, Szuba Csab\u00e1val besz\u00e9lgetett vezet\u0151 kontroller\u00fcnk, Dobai Tam\u00e1s.<\/p>\n","protected":false},"author":2,"featured_media":14278,"comment_status":"closed","ping_status":"closed","sticky":false,"template":"","format":"standard","meta":{"footnotes":""},"categories":[82],"tags":[],"class_list":{"0":"post-3004","1":"post","2":"type-post","3":"status-publish","4":"format-standard","5":"has-post-thumbnail","7":"category-kontrolling-cikk-hu"},"yoast_head":"<!-- This site is optimized with the Yoast SEO plugin v27.2 - https:\/\/yoast.com\/product\/yoast-seo-wordpress\/ -->\n<title>M\u00e1sf\u00e9l \u00e9v alatt \u00f6t \u00e9vnyi munka - Interj\u00fa a Clarion Hungary Elektronikai Kft. \u00fcgyvezet\u0151j\u00e9vel - Control1<\/title>\n<meta name=\"description\" content=\"\u00c1tl\u00e1that\u00f3 p\u00e9nz\u00fcgyek, jobb d\u00f6nt\u00e9sek, magasabb nyeres\u00e9g \u2013 kontroller szolg\u00e1ltat\u00e1sainkkal t\u00e1mogatjuk c\u00e9ged fejl\u0151d\u00e9s\u00e9t.\" \/>\n<meta name=\"robots\" content=\"index, follow, max-snippet:-1, max-image-preview:large, max-video-preview:-1\" \/>\n<link rel=\"canonical\" href=\"https:\/\/control1.webempire.hu\/?p=3004\" \/>\n<meta property=\"og:locale\" content=\"hu_HU\" \/>\n<meta property=\"og:type\" content=\"article\" \/>\n<meta property=\"og:title\" content=\"M\u00e1sf\u00e9l \u00e9v alatt \u00f6t \u00e9vnyi munka - Interj\u00fa a Clarion Hungary Elektronikai Kft. \u00fcgyvezet\u0151j\u00e9vel - Control1\" \/>\n<meta property=\"og:description\" content=\"\u00c1tl\u00e1that\u00f3 p\u00e9nz\u00fcgyek, jobb d\u00f6nt\u00e9sek, magasabb nyeres\u00e9g \u2013 kontroller szolg\u00e1ltat\u00e1sainkkal t\u00e1mogatjuk c\u00e9ged fejl\u0151d\u00e9s\u00e9t.\" \/>\n<meta property=\"og:url\" content=\"https:\/\/control1.webempire.hu\/?p=3004\" \/>\n<meta property=\"og:site_name\" content=\"Control1\" \/>\n<meta property=\"article:publisher\" content=\"https:\/\/www.facebook.com\/control1.hu\/\" \/>\n<meta property=\"article:published_time\" content=\"2021-03-08T13:44:40+00:00\" \/>\n<meta property=\"article:modified_time\" content=\"2026-03-18T08:47:00+00:00\" \/>\n<meta property=\"og:image\" content=\"https:\/\/control1.webempire.hu\/wp-content\/uploads\/2021\/03\/two-businessmen-pointing-laptop-screen-while-discussing.jpg\" \/>\n\t<meta property=\"og:image:width\" content=\"1200\" \/>\n\t<meta property=\"og:image:height\" content=\"1200\" \/>\n\t<meta property=\"og:image:type\" content=\"image\/jpeg\" \/>\n<meta name=\"author\" content=\"Dobai Tam\u00e1s\" \/>\n<meta name=\"twitter:card\" content=\"summary_large_image\" \/>\n<meta name=\"twitter:label1\" content=\"Szerz\u0151:\" \/>\n\t<meta name=\"twitter:data1\" content=\"Dobai Tam\u00e1s\" \/>\n\t<meta name=\"twitter:label2\" content=\"Becs\u00fclt olvas\u00e1si id\u0151\" \/>\n\t<meta name=\"twitter:data2\" content=\"3 perc\" \/>\n<script type=\"application\/ld+json\" class=\"yoast-schema-graph\">{\"@context\":\"https:\/\/schema.org\",\"@graph\":[{\"@type\":\"Article\",\"@id\":\"https:\/\/control1.webempire.hu\/?p=3004#article\",\"isPartOf\":{\"@id\":\"https:\/\/control1.webempire.hu\/?p=3004\"},\"author\":{\"name\":\"Dobai Tam\u00e1s\",\"@id\":\"https:\/\/control1.webempire.hu\/#\/schema\/person\/166dffddb7ac6dda2328107a4cd246f6\"},\"headline\":\"M\u00e1sf\u00e9l \u00e9v alatt \u00f6t \u00e9vnyi munka &#8211; Interj\u00fa a Clarion Hungary Elektronikai Kft. \u00fcgyvezet\u0151j\u00e9vel\",\"datePublished\":\"2021-03-08T13:44:40+00:00\",\"dateModified\":\"2026-03-18T08:47:00+00:00\",\"mainEntityOfPage\":{\"@id\":\"https:\/\/control1.webempire.hu\/?p=3004\"},\"wordCount\":153,\"publisher\":{\"@id\":\"https:\/\/control1.webempire.hu\/#organization\"},\"image\":{\"@id\":\"https:\/\/control1.webempire.hu\/?p=3004#primaryimage\"},\"thumbnailUrl\":\"https:\/\/control1.webempire.hu\/wp-content\/uploads\/2021\/03\/two-businessmen-pointing-laptop-screen-while-discussing.jpg\",\"articleSection\":[\"Kontrolling cikk\"],\"inLanguage\":\"hu\"},{\"@type\":\"WebPage\",\"@id\":\"https:\/\/control1.webempire.hu\/?p=3004\",\"url\":\"https:\/\/control1.webempire.hu\/?p=3004\",\"name\":\"M\u00e1sf\u00e9l \u00e9v alatt \u00f6t \u00e9vnyi munka - Interj\u00fa a Clarion Hungary Elektronikai Kft. \u00fcgyvezet\u0151j\u00e9vel - Control1\",\"isPartOf\":{\"@id\":\"https:\/\/control1.webempire.hu\/#website\"},\"primaryImageOfPage\":{\"@id\":\"https:\/\/control1.webempire.hu\/?p=3004#primaryimage\"},\"image\":{\"@id\":\"https:\/\/control1.webempire.hu\/?p=3004#primaryimage\"},\"thumbnailUrl\":\"https:\/\/control1.webempire.hu\/wp-content\/uploads\/2021\/03\/two-businessmen-pointing-laptop-screen-while-discussing.jpg\",\"datePublished\":\"2021-03-08T13:44:40+00:00\",\"dateModified\":\"2026-03-18T08:47:00+00:00\",\"description\":\"\u00c1tl\u00e1that\u00f3 p\u00e9nz\u00fcgyek, jobb d\u00f6nt\u00e9sek, magasabb nyeres\u00e9g \u2013 kontroller szolg\u00e1ltat\u00e1sainkkal t\u00e1mogatjuk c\u00e9ged fejl\u0151d\u00e9s\u00e9t.\",\"breadcrumb\":{\"@id\":\"https:\/\/control1.webempire.hu\/?p=3004#breadcrumb\"},\"inLanguage\":\"hu\",\"potentialAction\":[{\"@type\":\"ReadAction\",\"target\":[\"https:\/\/control1.webempire.hu\/?p=3004\"]}]},{\"@type\":\"ImageObject\",\"inLanguage\":\"hu\",\"@id\":\"https:\/\/control1.webempire.hu\/?p=3004#primaryimage\",\"url\":\"https:\/\/control1.webempire.hu\/wp-content\/uploads\/2021\/03\/two-businessmen-pointing-laptop-screen-while-discussing.jpg\",\"contentUrl\":\"https:\/\/control1.webempire.hu\/wp-content\/uploads\/2021\/03\/two-businessmen-pointing-laptop-screen-while-discussing.jpg\",\"width\":1200,\"height\":1200},{\"@type\":\"BreadcrumbList\",\"@id\":\"https:\/\/control1.webempire.hu\/?p=3004#breadcrumb\",\"itemListElement\":[{\"@type\":\"ListItem\",\"position\":1,\"name\":\"Kezd\u0151lap\",\"item\":\"https:\/\/control1.webempire.hu\/\"},{\"@type\":\"ListItem\",\"position\":2,\"name\":\"M\u00e1sf\u00e9l \u00e9v alatt \u00f6t \u00e9vnyi munka &#8211; Interj\u00fa a Clarion Hungary Elektronikai Kft. \u00fcgyvezet\u0151j\u00e9vel\"}]},{\"@type\":\"WebSite\",\"@id\":\"https:\/\/control1.webempire.hu\/#website\",\"url\":\"https:\/\/control1.webempire.hu\/\",\"name\":\"Control1\",\"description\":\"P\u00e9nz\u00fcgyi megold\u00e1s c\u00e9geknek, v\u00e1llalkoz\u00f3knak\",\"publisher\":{\"@id\":\"https:\/\/control1.webempire.hu\/#organization\"},\"potentialAction\":[{\"@type\":\"SearchAction\",\"target\":{\"@type\":\"EntryPoint\",\"urlTemplate\":\"https:\/\/control1.webempire.hu\/?s={search_term_string}\"},\"query-input\":{\"@type\":\"PropertyValueSpecification\",\"valueRequired\":true,\"valueName\":\"search_term_string\"}}],\"inLanguage\":\"hu\"},{\"@type\":\"Organization\",\"@id\":\"https:\/\/control1.webempire.hu\/#organization\",\"name\":\"Control1\",\"url\":\"https:\/\/control1.webempire.hu\/\",\"logo\":{\"@type\":\"ImageObject\",\"inLanguage\":\"hu\",\"@id\":\"https:\/\/control1.webempire.hu\/#\/schema\/logo\/image\/\",\"url\":\"https:\/\/control1.webempire.hu\/wp-content\/uploads\/2025\/11\/logo_control1-scaled.png\",\"contentUrl\":\"https:\/\/control1.webempire.hu\/wp-content\/uploads\/2025\/11\/logo_control1-scaled.png\",\"width\":2560,\"height\":692,\"caption\":\"Control1\"},\"image\":{\"@id\":\"https:\/\/control1.webempire.hu\/#\/schema\/logo\/image\/\"},\"sameAs\":[\"https:\/\/www.facebook.com\/control1.hu\/\",\"https:\/\/www.linkedin.com\/company\/control1\"]},{\"@type\":\"Person\",\"@id\":\"https:\/\/control1.webempire.hu\/#\/schema\/person\/166dffddb7ac6dda2328107a4cd246f6\",\"name\":\"Dobai Tam\u00e1s\",\"image\":{\"@type\":\"ImageObject\",\"inLanguage\":\"hu\",\"@id\":\"https:\/\/secure.gravatar.com\/avatar\/4769ebf4f40e30928d66ef03bb4bdc39378f9e8de061330bac987d4bae65f2f1?s=96&d=mm&r=g\",\"url\":\"https:\/\/secure.gravatar.com\/avatar\/4769ebf4f40e30928d66ef03bb4bdc39378f9e8de061330bac987d4bae65f2f1?s=96&d=mm&r=g\",\"contentUrl\":\"https:\/\/secure.gravatar.com\/avatar\/4769ebf4f40e30928d66ef03bb4bdc39378f9e8de061330bac987d4bae65f2f1?s=96&d=mm&r=g\",\"caption\":\"Dobai Tam\u00e1s\"},\"url\":\"https:\/\/control1.webempire.hu\/?author=2\"}]}<\/script>\n<!-- \/ Yoast SEO plugin. -->","yoast_head_json":{"title":"M\u00e1sf\u00e9l \u00e9v alatt \u00f6t \u00e9vnyi munka - Interj\u00fa a Clarion Hungary Elektronikai Kft. \u00fcgyvezet\u0151j\u00e9vel - Control1","description":"\u00c1tl\u00e1that\u00f3 p\u00e9nz\u00fcgyek, jobb d\u00f6nt\u00e9sek, magasabb nyeres\u00e9g \u2013 kontroller szolg\u00e1ltat\u00e1sainkkal t\u00e1mogatjuk c\u00e9ged fejl\u0151d\u00e9s\u00e9t.","robots":{"index":"index","follow":"follow","max-snippet":"max-snippet:-1","max-image-preview":"max-image-preview:large","max-video-preview":"max-video-preview:-1"},"canonical":"https:\/\/control1.webempire.hu\/?p=3004","og_locale":"hu_HU","og_type":"article","og_title":"M\u00e1sf\u00e9l \u00e9v alatt \u00f6t \u00e9vnyi munka - Interj\u00fa a Clarion Hungary Elektronikai Kft. \u00fcgyvezet\u0151j\u00e9vel - Control1","og_description":"\u00c1tl\u00e1that\u00f3 p\u00e9nz\u00fcgyek, jobb d\u00f6nt\u00e9sek, magasabb nyeres\u00e9g \u2013 kontroller szolg\u00e1ltat\u00e1sainkkal t\u00e1mogatjuk c\u00e9ged fejl\u0151d\u00e9s\u00e9t.","og_url":"https:\/\/control1.webempire.hu\/?p=3004","og_site_name":"Control1","article_publisher":"https:\/\/www.facebook.com\/control1.hu\/","article_published_time":"2021-03-08T13:44:40+00:00","article_modified_time":"2026-03-18T08:47:00+00:00","og_image":[{"width":1200,"height":1200,"url":"https:\/\/control1.webempire.hu\/wp-content\/uploads\/2021\/03\/two-businessmen-pointing-laptop-screen-while-discussing.jpg","type":"image\/jpeg"}],"author":"Dobai Tam\u00e1s","twitter_card":"summary_large_image","twitter_misc":{"Szerz\u0151:":"Dobai Tam\u00e1s","Becs\u00fclt olvas\u00e1si id\u0151":"3 perc"},"schema":{"@context":"https:\/\/schema.org","@graph":[{"@type":"Article","@id":"https:\/\/control1.webempire.hu\/?p=3004#article","isPartOf":{"@id":"https:\/\/control1.webempire.hu\/?p=3004"},"author":{"name":"Dobai Tam\u00e1s","@id":"https:\/\/control1.webempire.hu\/#\/schema\/person\/166dffddb7ac6dda2328107a4cd246f6"},"headline":"M\u00e1sf\u00e9l \u00e9v alatt \u00f6t \u00e9vnyi munka &#8211; Interj\u00fa a Clarion Hungary Elektronikai Kft. \u00fcgyvezet\u0151j\u00e9vel","datePublished":"2021-03-08T13:44:40+00:00","dateModified":"2026-03-18T08:47:00+00:00","mainEntityOfPage":{"@id":"https:\/\/control1.webempire.hu\/?p=3004"},"wordCount":153,"publisher":{"@id":"https:\/\/control1.webempire.hu\/#organization"},"image":{"@id":"https:\/\/control1.webempire.hu\/?p=3004#primaryimage"},"thumbnailUrl":"https:\/\/control1.webempire.hu\/wp-content\/uploads\/2021\/03\/two-businessmen-pointing-laptop-screen-while-discussing.jpg","articleSection":["Kontrolling cikk"],"inLanguage":"hu"},{"@type":"WebPage","@id":"https:\/\/control1.webempire.hu\/?p=3004","url":"https:\/\/control1.webempire.hu\/?p=3004","name":"M\u00e1sf\u00e9l \u00e9v alatt \u00f6t \u00e9vnyi munka - Interj\u00fa a Clarion Hungary Elektronikai Kft. \u00fcgyvezet\u0151j\u00e9vel - Control1","isPartOf":{"@id":"https:\/\/control1.webempire.hu\/#website"},"primaryImageOfPage":{"@id":"https:\/\/control1.webempire.hu\/?p=3004#primaryimage"},"image":{"@id":"https:\/\/control1.webempire.hu\/?p=3004#primaryimage"},"thumbnailUrl":"https:\/\/control1.webempire.hu\/wp-content\/uploads\/2021\/03\/two-businessmen-pointing-laptop-screen-while-discussing.jpg","datePublished":"2021-03-08T13:44:40+00:00","dateModified":"2026-03-18T08:47:00+00:00","description":"\u00c1tl\u00e1that\u00f3 p\u00e9nz\u00fcgyek, jobb d\u00f6nt\u00e9sek, magasabb nyeres\u00e9g \u2013 kontroller szolg\u00e1ltat\u00e1sainkkal t\u00e1mogatjuk c\u00e9ged fejl\u0151d\u00e9s\u00e9t.","breadcrumb":{"@id":"https:\/\/control1.webempire.hu\/?p=3004#breadcrumb"},"inLanguage":"hu","potentialAction":[{"@type":"ReadAction","target":["https:\/\/control1.webempire.hu\/?p=3004"]}]},{"@type":"ImageObject","inLanguage":"hu","@id":"https:\/\/control1.webempire.hu\/?p=3004#primaryimage","url":"https:\/\/control1.webempire.hu\/wp-content\/uploads\/2021\/03\/two-businessmen-pointing-laptop-screen-while-discussing.jpg","contentUrl":"https:\/\/control1.webempire.hu\/wp-content\/uploads\/2021\/03\/two-businessmen-pointing-laptop-screen-while-discussing.jpg","width":1200,"height":1200},{"@type":"BreadcrumbList","@id":"https:\/\/control1.webempire.hu\/?p=3004#breadcrumb","itemListElement":[{"@type":"ListItem","position":1,"name":"Kezd\u0151lap","item":"https:\/\/control1.webempire.hu\/"},{"@type":"ListItem","position":2,"name":"M\u00e1sf\u00e9l \u00e9v alatt \u00f6t \u00e9vnyi munka &#8211; Interj\u00fa a Clarion Hungary Elektronikai Kft. \u00fcgyvezet\u0151j\u00e9vel"}]},{"@type":"WebSite","@id":"https:\/\/control1.webempire.hu\/#website","url":"https:\/\/control1.webempire.hu\/","name":"Control1","description":"P\u00e9nz\u00fcgyi megold\u00e1s c\u00e9geknek, v\u00e1llalkoz\u00f3knak","publisher":{"@id":"https:\/\/control1.webempire.hu\/#organization"},"potentialAction":[{"@type":"SearchAction","target":{"@type":"EntryPoint","urlTemplate":"https:\/\/control1.webempire.hu\/?s={search_term_string}"},"query-input":{"@type":"PropertyValueSpecification","valueRequired":true,"valueName":"search_term_string"}}],"inLanguage":"hu"},{"@type":"Organization","@id":"https:\/\/control1.webempire.hu\/#organization","name":"Control1","url":"https:\/\/control1.webempire.hu\/","logo":{"@type":"ImageObject","inLanguage":"hu","@id":"https:\/\/control1.webempire.hu\/#\/schema\/logo\/image\/","url":"https:\/\/control1.webempire.hu\/wp-content\/uploads\/2025\/11\/logo_control1-scaled.png","contentUrl":"https:\/\/control1.webempire.hu\/wp-content\/uploads\/2025\/11\/logo_control1-scaled.png","width":2560,"height":692,"caption":"Control1"},"image":{"@id":"https:\/\/control1.webempire.hu\/#\/schema\/logo\/image\/"},"sameAs":["https:\/\/www.facebook.com\/control1.hu\/","https:\/\/www.linkedin.com\/company\/control1"]},{"@type":"Person","@id":"https:\/\/control1.webempire.hu\/#\/schema\/person\/166dffddb7ac6dda2328107a4cd246f6","name":"Dobai Tam\u00e1s","image":{"@type":"ImageObject","inLanguage":"hu","@id":"https:\/\/secure.gravatar.com\/avatar\/4769ebf4f40e30928d66ef03bb4bdc39378f9e8de061330bac987d4bae65f2f1?s=96&d=mm&r=g","url":"https:\/\/secure.gravatar.com\/avatar\/4769ebf4f40e30928d66ef03bb4bdc39378f9e8de061330bac987d4bae65f2f1?s=96&d=mm&r=g","contentUrl":"https:\/\/secure.gravatar.com\/avatar\/4769ebf4f40e30928d66ef03bb4bdc39378f9e8de061330bac987d4bae65f2f1?s=96&d=mm&r=g","caption":"Dobai Tam\u00e1s"},"url":"https:\/\/control1.webempire.hu\/?author=2"}]}},"menu_order":0,"_links":{"self":[{"href":"https:\/\/control1.webempire.hu\/index.php?rest_route=\/wp\/v2\/posts\/3004","targetHints":{"allow":["GET"]}}],"collection":[{"href":"https:\/\/control1.webempire.hu\/index.php?rest_route=\/wp\/v2\/posts"}],"about":[{"href":"https:\/\/control1.webempire.hu\/index.php?rest_route=\/wp\/v2\/types\/post"}],"author":[{"embeddable":true,"href":"https:\/\/control1.webempire.hu\/index.php?rest_route=\/wp\/v2\/users\/2"}],"replies":[{"embeddable":true,"href":"https:\/\/control1.webempire.hu\/index.php?rest_route=%2Fwp%2Fv2%2Fcomments&post=3004"}],"version-history":[{"count":2,"href":"https:\/\/control1.webempire.hu\/index.php?rest_route=\/wp\/v2\/posts\/3004\/revisions"}],"predecessor-version":[{"id":14279,"href":"https:\/\/control1.webempire.hu\/index.php?rest_route=\/wp\/v2\/posts\/3004\/revisions\/14279"}],"wp:featuredmedia":[{"embeddable":true,"href":"https:\/\/control1.webempire.hu\/index.php?rest_route=\/wp\/v2\/media\/14278"}],"wp:attachment":[{"href":"https:\/\/control1.webempire.hu\/index.php?rest_route=%2Fwp%2Fv2%2Fmedia&parent=3004"}],"wp:term":[{"taxonomy":"category","embeddable":true,"href":"https:\/\/control1.webempire.hu\/index.php?rest_route=%2Fwp%2Fv2%2Fcategories&post=3004"},{"taxonomy":"post_tag","embeddable":true,"href":"https:\/\/control1.webempire.hu\/index.php?rest_route=%2Fwp%2Fv2%2Ftags&post=3004"}],"curies":[{"name":"wp","href":"https:\/\/api.w.org\/{rel}","templated":true}]}}